{"id":905,"date":"2023-08-23T08:53:54","date_gmt":"2023-08-23T08:53:54","guid":{"rendered":"https:\/\/anadolumhabertv.com.tr\/?p=905"},"modified":"2023-08-23T08:53:54","modified_gmt":"2023-08-23T08:53:54","slug":"son-dakika-bingolde-42-buyuklugunde-deprem","status":"publish","type":"post","link":"https:\/\/anadolumhabertv.com.tr\/?p=905","title":{"rendered":"Son Dakika: Bing\u00f6l&#8217;de 4,2 b\u00fcy\u00fckl\u00fc\u011f\u00fcnde deprem!"},"content":{"rendered":"<p> [ad_1]<br \/>\n<\/p>\n<div>\n<p class=\"content-description\">AFAD&#8217;dan son dakika deprem a\u00e7\u0131klamas\u0131 geldi. Bing\u00f6l&#8217;\u00fcn Ki\u011f\u0131 il\u00e7esinde 4,2 b\u00fcy\u00fckl\u00fc\u011f\u00fcnde deprem oldu.<\/p>\n<\/p><\/div>\n<div property=\"articleBody\">\n<p>Afet ve Acil Durum Y\u00f6netimi Ba\u015fkanl\u0131\u011f\u0131n\u0131n internet sitesinde yer alan bilgiye g\u00f6re, Bing\u00f6l&#8217;\u00fcn Ki\u011f\u0131 il\u00e7esinde 4,2 b\u00fcy\u00fckl\u00fc\u011f\u00fcnde sars\u0131nt\u0131 meydana geldi.<\/p>\n<p>Saat 11.19&#8217;da ger\u00e7ekle\u015fen depremin 7.47 kilometre derinlikte ger\u00e7ekle\u015fti\u011fi belirlendi.<\/p>\n<\/p><\/div>\n<p>[ad_2]<br \/>\n<br \/><a href=\"https:\/\/www.konyaninsesi.com.tr\/deprem\/son-dakika-bingolde-42-buyuklugunde-deprem-34417.html\">Source link <\/a><\/p>\n","protected":false},"excerpt":{"rendered":"<p>[ad_1] AFAD&#8217;dan son dakika deprem a\u00e7\u0131klamas\u0131 geldi. Bing\u00f6l&#8217;\u00fcn Ki\u011f\u0131 il\u00e7esinde 4,2 b\u00fcy\u00fckl\u00fc\u011f\u00fcnde deprem oldu. Afet<\/p>\n","protected":false},"author":1,"featured_media":906,"comment_status":"open","ping_status":"open","sticky":false,"template":"","format":"standard","meta":{"footnotes":""},"categories":[9],"tags":[],"class_list":["post-905","post","type-post","status-publish","format-standard","has-post-thumbnail","hentry","category-gundem"],"_links":{"self":[{"href":"https:\/\/anadolumhabertv.com.tr\/index.php?rest_route=\/wp\/v2\/posts\/905","targetHints":{"allow":["GET"]}}],"collection":[{"href":"https:\/\/anadolumhabertv.com.tr\/index.php?rest_route=\/wp\/v2\/posts"}],"about":[{"href":"https:\/\/anadolumhabertv.com.tr\/index.php?rest_route=\/wp\/v2\/types\/post"}],"author":[{"embeddable":true,"href":"https:\/\/anadolumhabertv.com.tr\/index.php?rest_route=\/wp\/v2\/users\/1"}],"replies":[{"embeddable":true,"href":"https:\/\/anadolumhabertv.com.tr\/index.php?rest_route=%2Fwp%2Fv2%2Fcomments&post=905"}],"version-history":[{"count":0,"href":"https:\/\/anadolumhabertv.com.tr\/index.php?rest_route=\/wp\/v2\/posts\/905\/revisions"}],"wp:featuredmedia":[{"embeddable":true,"href":"https:\/\/anadolumhabertv.com.tr\/index.php?rest_route=\/wp\/v2\/media\/906"}],"wp:attachment":[{"href":"https:\/\/anadolumhabertv.com.tr\/index.php?rest_route=%2Fwp%2Fv2%2Fmedia&parent=905"}],"wp:term":[{"taxonomy":"category","embeddable":true,"href":"https:\/\/anadolumhabertv.com.tr\/index.php?rest_route=%2Fwp%2Fv2%2Fcategories&post=905"},{"taxonomy":"post_tag","embeddable":true,"href":"https:\/\/anadolumhabertv.com.tr\/index.php?rest_route=%2Fwp%2Fv2%2Ftags&post=905"}],"curies":[{"name":"wp","href":"https:\/\/api.w.org\/{rel}","templated":true}]}}